{"id":559,"date":"2018-11-27T20:43:58","date_gmt":"2018-11-27T20:43:58","guid":{"rendered":"http:\/\/indagocontenidos.com\/01\/\/?p=559"},"modified":"2019-01-31T14:18:31","modified_gmt":"2019-01-31T14:18:31","slug":"estuvimos-en-la-tv-publica-programa-caminos-de-tiza","status":"publish","type":"post","link":"http:\/\/indagocontenidos.com\/01\/estuvimos-en-la-tv-publica-programa-caminos-de-tiza\/","title":{"rendered":"\u00a1Estuvimos en la TV P\u00fablica! Programa: Caminos de Tiza"},"content":{"rendered":"<p>El 27 de Octubre de 2018 participamos del programa <strong>\u00a8Caminos de Tiza\u00a8<\/strong>. La tem\u00e1tica fue muy interesante, la pregunta sobre la que reflexionamos fue <strong><em>\u00bfQu\u00e9 significa estudiar? De la informaci\u00f3n al conocimiento.\u00a0<\/em><\/strong>No te lo pierdas. Para aquellos que no lo pudieron ver y est\u00e1n interesados, les dejamos un link para que puedan hacerlo:\u00a0<a href=\"https:\/\/www.facebook.com\/caminosdetizatv\/videos\/1095932427229737\/\" data-wplink-edit=\"true\">Ver programa &gt;<\/a><\/p>\n<p>Agradecemos a Mirta Goldberg por invitarnos al programa \u201cCaminos de tiza\u201d , a Paula Pogr\u00e9 y Florencia Sichel con quienes compartimos un di\u00e1logo muy rico e interesante. Adem\u00e1s queremos agradecer a todos\/as por los lindos comentarios que nos fueron llegando.<\/p>\n<div style=\"width: 848px;\" class=\"wp-video\"><!--[if lt IE 9]><script>document.createElement('video');<\/script><![endif]-->\n<video class=\"wp-video-shortcode\" id=\"video-559-1\" width=\"848\" height=\"480\" preload=\"metadata\" controls=\"controls\"><source type=\"video\/mp4\" src=\"http:\/\/indagocontenidos.com\/01\/wp-content\/uploads\/2018\/11\/WhatsApp-Video-2018-11-27-at-09.41.46.mp4?_=1\" \/><a href=\"http:\/\/indagocontenidos.com\/01\/wp-content\/uploads\/2018\/11\/WhatsApp-Video-2018-11-27-at-09.41.46.mp4\">http:\/\/indagocontenidos.com\/01\/wp-content\/uploads\/2018\/11\/WhatsApp-Video-2018-11-27-at-09.41.46.mp4<\/a><\/video><\/div>\n","protected":false},"excerpt":{"rendered":"<p>El 27 de Octubre de 2018 participamos del programa \u00a8Caminos de Tiza\u00a8. La tem\u00e1tica fue muy interesante, la pregunta sobre la que [&hellip;]<\/p>\n","protected":false},"author":1,"featured_media":556,"comment_status":"closed","ping_status":"closed","sticky":false,"template":"","format":"standard","meta":{"footnotes":""},"categories":[4],"tags":[],"class_list":["post-559","post","type-post","status-publish","format-standard","has-post-thumbnail","hentry","category-novedades"],"_links":{"self":[{"href":"http:\/\/indagocontenidos.com\/01\/wp-json\/wp\/v2\/posts\/559","targetHints":{"allow":["GET"]}}],"collection":[{"href":"http:\/\/indagocontenidos.com\/01\/wp-json\/wp\/v2\/posts"}],"about":[{"href":"http:\/\/indagocontenidos.com\/01\/wp-json\/wp\/v2\/types\/post"}],"author":[{"embeddable":true,"href":"http:\/\/indagocontenidos.com\/01\/wp-json\/wp\/v2\/users\/1"}],"replies":[{"embeddable":true,"href":"http:\/\/indagocontenidos.com\/01\/wp-json\/wp\/v2\/comments?post=559"}],"version-history":[{"count":3,"href":"http:\/\/indagocontenidos.com\/01\/wp-json\/wp\/v2\/posts\/559\/revisions"}],"predecessor-version":[{"id":1000,"href":"http:\/\/indagocontenidos.com\/01\/wp-json\/wp\/v2\/posts\/559\/revisions\/1000"}],"wp:featuredmedia":[{"embeddable":true,"href":"http:\/\/indagocontenidos.com\/01\/wp-json\/wp\/v2\/media\/556"}],"wp:attachment":[{"href":"http:\/\/indagocontenidos.com\/01\/wp-json\/wp\/v2\/media?parent=559"}],"wp:term":[{"taxonomy":"category","embeddable":true,"href":"http:\/\/indagocontenidos.com\/01\/wp-json\/wp\/v2\/categories?post=559"},{"taxonomy":"post_tag","embeddable":true,"href":"http:\/\/indagocontenidos.com\/01\/wp-json\/wp\/v2\/tags?post=559"}],"curies":[{"name":"wp","href":"https:\/\/api.w.org\/{rel}","templated":true}]}}